{"id":339,"date":"2020-11-25T12:33:52","date_gmt":"2020-11-25T12:33:52","guid":{"rendered":"https:\/\/grupoptg.com\/blogptg\/?p=339"},"modified":"2020-11-25T12:55:43","modified_gmt":"2020-11-25T12:55:43","slug":"noviembre-mes-mundial-de-la-calidad","status":"publish","type":"post","link":"https:\/\/grupoptg.com\/blogptg\/noviembre-mes-mundial-de-la-calidad\/","title":{"rendered":"Noviembre: Mes Mundial de la Calidad"},"content":{"rendered":"<p style=\"font-size:18px\">Este mes de noviembre se celebra el D\u00eda Mundial de la Calidad, para ser m\u00e1s precisos es el segundo jueves del mes de noviembre, creado por la ONU en 1990, su objetivo principal es el generar conciencia a nivel mundial sobre la importancia de la calidad para la prosperidad en todas las organizaciones.<\/p>\n\n\n\n<p style=\"font-size:18px\">Los primeros estudios que se realizaci\u00f3n fueron en los a\u00f1os 30, mucho antes de la Segunda Guerra Mundial. Con el objetivo de mejorar en t\u00e9rminos de costo-beneficio, las l\u00edneas de producci\u00f3n, lo que gener\u00f3 la creaci\u00f3n de un sistema de calidad novedoso, confiable para la creaci\u00f3n de bienes y servicios a gran escala.<\/p>\n\n\n\n<p style=\"font-size:18px\">Desde entonces, el mes de noviembre se convirti\u00f3 en un acompa\u00f1amiento necesario para las empresas, poderes p\u00fablicos y acad\u00e9micos, dando valor a la mejora continua para preservar la calidad de vida de los consumidores.<\/p>\n\n\n\n<p style=\"font-size:18px\">Todos los meses de noviembre se producen actividades del \u201cMes la Calidad\u201d. Este movimiento se inici\u00f3 en Jap\u00f3n en el a\u00f1o 1959, pero desde el a\u00f1o 2010, la Sociedad Americana para la Calidad (ASQ), se convirti\u00f3 en una asociaci\u00f3n internacional, y ahora es \u201cLa Voz Global de la Calidad\u201d. Por lo que, relanzaron la celebraci\u00f3n del Mes de la Calidad, con un enfoque de car\u00e1cter mundial.<\/p>\n\n\n\n<p style=\"font-size:18px\">Por eso, la ASQ se ha aliado con diferentes organizaciones internacionales como: la JUSE (Asociaci\u00f3n de Cient\u00edficos e Ingenieros Japoneses), la EOQ (Organizaci\u00f3n Europea para la Calidad), la APQ (Asociaci\u00f3n Portuguesa para la Calidad), entre otras.<\/p>\n\n\n\n<p style=\"font-size:18px\">La iniciativa Suprema Qualitas conocida como \u201cEl Tour de la Calidad\u201d, se llev\u00f3 a cabo por primera vez en noviembre del 2011. Con una serie de actividades como ponencias, conferencias virtuales, descuentos en servicios, entre otros.<\/p>\n\n\n\n<p style=\"font-size:18px\">Este 2020 bajo el lema\u00a0de <strong>\u201cSostenibilidad es Calidad\u201d<\/strong>\u00a0se abordaron las capacidades de los\u00a0<strong>Objetivos de Desarrollo Sostenible<\/strong>\u00a0(ODS) para impulsar y generar oportunidades de negocio, aportar valor de marca y retener el talento y la innovaci\u00f3n.<\/p>\n\n\n\n<p style=\"font-size:18px\">Algunas campa\u00f1as sugeridas para este mes son:<\/p>\n\n\n\n<p style=\"font-size:18px\">*<strong>Asociaci\u00f3n Espa\u00f1ola para la Calidad:<\/strong>\u00a0<a href=\"https:\/\/dia-mundial-calidad.aec.es\/\" target=\"_blank\" rel=\"noreferrer noopener\">ODS en las instituciones<\/a>\u00a0(analizando su impacto en las personas y en la protecci\u00f3n del planeta).<\/p>\n\n\n\n<p style=\"font-size:18px\">*<strong>Club de Calidad:<\/strong>\u00a0<a href=\"https:\/\/www.clubcalidad.com\/evento\/dia-mundial-de-la-calidad-2020\/\" target=\"_blank\" rel=\"noreferrer noopener\">Lecciones a aprender del sector salud<\/a>\u00a0(Gesti\u00f3n del cambio, motivaci\u00f3n de equipos, resiliencia, etc.)<\/p>\n\n\n\n<p style=\"font-size:18px\">*Otro de los mensajes de este a\u00f1o 2020 se ha unido para la celebraci\u00f3n del D\u00eda Mundial de la Calidad es <strong>\u201cel valor del cliente\u201d<\/strong><\/p>\n\n\n\n<p style=\"font-size:18px\">Las empresas como en Grupo PTG tenemos una pol\u00edtica de calidad orientada a la satisfacci\u00f3n al cliente, ofrecemos la oportunidad de crear un valor a\u00f1adido a la mejora de los procesos, productos, servicios y con una mentalidad abierta hacia nuevos cambios.<\/p>\n\n\n\n<p style=\"font-size:18px\">\u00bfCu\u00e9ntame que actividades se realizan en tu organizaci\u00f3n por el mes de la calidad?<\/p>\n\n\n\n<p style=\"font-size:18px\">\u00bfAsististe a alguna de las ponencias online que ofrecido la ASQ este mes? <\/p>\n\n\n\n<p style=\"font-size:18px\">\u00bfQu\u00e9 te parecieron?<\/p>\n\n\n\n<p><strong>Comenta. <\/strong><strong><\/strong><\/p>\n\n\n\n<p><strong>Fuente:<\/strong><\/p>\n\n\n\n<p><a href=\"http:\/\/www.excelencia.org.ar\">http:\/\/www.excelencia.org.ar<\/a><\/p>\n\n\n\n<p><a href=\"https:\/\/foodandsafe.org\">https:\/\/foodandsafe.org<\/a><\/p>\n\n<!--themify_builder_content-->\r\n<div id=\"themify_builder_content-339\" data-postid=\"339\" class=\"themify_builder_content themify_builder_content-339 themify_builder tf_clear\">\r\n    <\/div>\r\n<!--\/themify_builder_content-->","protected":false},"excerpt":{"rendered":"<p>Este mes de noviembre se celebra el D\u00eda Mundial de la Calidad, para ser m\u00e1s precisos es el segundo jueves del mes de noviembre, creado por la ONU en 1990, su objetivo principal es el generar conciencia a nivel mundial sobre la importancia de la calidad para la prosperidad en todas las organizaciones. Los primeros [&hellip;]<\/p>\n","protected":false},"author":1,"featured_media":344,"comment_status":"open","ping_status":"open","sticky":false,"template":"","format":"standard","meta":{"_mi_skip_tracking":false},"categories":[1],"tags":[],"yoast_head":"<!-- This site is optimized with the Yoast SEO plugin v20.0 - https:\/\/yoast.com\/wordpress\/plugins\/seo\/ -->\n<title>Noviembre: Mes Mundial de la Calidad - Blog PTG<\/title>\n<meta name=\"robots\" content=\"index, follow, max-snippet:-1, max-image-preview:large, max-video-preview:-1\" \/>\n<link rel=\"canonical\" href=\"https:\/\/grupoptg.com\/blogptg\/noviembre-mes-mundial-de-la-calidad\/\" \/>\n<meta property=\"og:locale\" content=\"es_ES\" \/>\n<meta property=\"og:type\" content=\"article\" \/>\n<meta property=\"og:title\" content=\"Noviembre: Mes Mundial de la Calidad - Blog PTG\" \/>\n<meta property=\"og:description\" content=\"Este mes de noviembre se celebra el D\u00eda Mundial de la Calidad, para ser m\u00e1s precisos es el segundo jueves del mes de noviembre, creado por la ONU en 1990, su objetivo principal es el generar conciencia a nivel mundial sobre la importancia de la calidad para la prosperidad en todas las organizaciones. Los primeros [&hellip;]\" \/>\n<meta property=\"og:url\" content=\"https:\/\/grupoptg.com\/blogptg\/noviembre-mes-mundial-de-la-calidad\/\" \/>\n<meta property=\"og:site_name\" content=\"Blog PTG\" \/>\n<meta property=\"article:published_time\" content=\"2020-11-25T12:33:52+00:00\" \/>\n<meta property=\"article:modified_time\" content=\"2020-11-25T12:55:43+00:00\" \/>\n<meta property=\"og:image\" content=\"https:\/\/grupoptg.com\/blogptg\/wp-content\/uploads\/2020\/11\/980x698-imagen-prueba-blogPTG-nioviembre-v2.jpg\" \/>\n\t<meta property=\"og:image:width\" content=\"980\" \/>\n\t<meta property=\"og:image:height\" content=\"698\" \/>\n\t<meta property=\"og:image:type\" content=\"image\/jpeg\" \/>\n<meta name=\"author\" content=\"GrupoPTG\" \/>\n<meta name=\"twitter:card\" content=\"summary_large_image\" \/>\n<meta name=\"twitter:label1\" content=\"Escrito por\" \/>\n\t<meta name=\"twitter:data1\" content=\"GrupoPTG\" \/>\n\t<meta name=\"twitter:label2\" content=\"Tiempo estimado de lectura\" \/>\n\t<meta name=\"twitter:data2\" content=\"2 minutos\" \/>\n<script type=\"application\/ld+json\" class=\"yoast-schema-graph\">{\"@context\":\"https:\/\/schema.org\",\"@graph\":[{\"@type\":\"Article\",\"@id\":\"https:\/\/grupoptg.com\/blogptg\/noviembre-mes-mundial-de-la-calidad\/#article\",\"isPartOf\":{\"@id\":\"https:\/\/grupoptg.com\/blogptg\/noviembre-mes-mundial-de-la-calidad\/\"},\"author\":{\"name\":\"GrupoPTG\",\"@id\":\"https:\/\/grupoptg.com\/blogptg\/#\/schema\/person\/7ec020ab7c225d569c4a2939134a1ff2\"},\"headline\":\"Noviembre: Mes Mundial de la Calidad\",\"datePublished\":\"2020-11-25T12:33:52+00:00\",\"dateModified\":\"2020-11-25T12:55:43+00:00\",\"mainEntityOfPage\":{\"@id\":\"https:\/\/grupoptg.com\/blogptg\/noviembre-mes-mundial-de-la-calidad\/\"},\"wordCount\":503,\"commentCount\":0,\"publisher\":{\"@id\":\"https:\/\/grupoptg.com\/blogptg\/#organization\"},\"articleSection\":[\"Uncategorized\"],\"inLanguage\":\"es\",\"potentialAction\":[{\"@type\":\"CommentAction\",\"name\":\"Comment\",\"target\":[\"https:\/\/grupoptg.com\/blogptg\/noviembre-mes-mundial-de-la-calidad\/#respond\"]}]},{\"@type\":\"WebPage\",\"@id\":\"https:\/\/grupoptg.com\/blogptg\/noviembre-mes-mundial-de-la-calidad\/\",\"url\":\"https:\/\/grupoptg.com\/blogptg\/noviembre-mes-mundial-de-la-calidad\/\",\"name\":\"Noviembre: Mes Mundial de la Calidad - Blog PTG\",\"isPartOf\":{\"@id\":\"https:\/\/grupoptg.com\/blogptg\/#website\"},\"datePublished\":\"2020-11-25T12:33:52+00:00\",\"dateModified\":\"2020-11-25T12:55:43+00:00\",\"breadcrumb\":{\"@id\":\"https:\/\/grupoptg.com\/blogptg\/noviembre-mes-mundial-de-la-calidad\/#breadcrumb\"},\"inLanguage\":\"es\",\"potentialAction\":[{\"@type\":\"ReadAction\",\"target\":[\"https:\/\/grupoptg.com\/blogptg\/noviembre-mes-mundial-de-la-calidad\/\"]}]},{\"@type\":\"BreadcrumbList\",\"@id\":\"https:\/\/grupoptg.com\/blogptg\/noviembre-mes-mundial-de-la-calidad\/#breadcrumb\",\"itemListElement\":[{\"@type\":\"ListItem\",\"position\":1,\"name\":\"Portada\",\"item\":\"https:\/\/grupoptg.com\/blogptg\/\"},{\"@type\":\"ListItem\",\"position\":2,\"name\":\"Noviembre: Mes Mundial de la Calidad\"}]},{\"@type\":\"WebSite\",\"@id\":\"https:\/\/grupoptg.com\/blogptg\/#website\",\"url\":\"https:\/\/grupoptg.com\/blogptg\/\",\"name\":\"Blog PTG\",\"description\":\"noticias\",\"publisher\":{\"@id\":\"https:\/\/grupoptg.com\/blogptg\/#organization\"},\"potentialAction\":[{\"@type\":\"SearchAction\",\"target\":{\"@type\":\"EntryPoint\",\"urlTemplate\":\"https:\/\/grupoptg.com\/blogptg\/?s={search_term_string}\"},\"query-input\":\"required name=search_term_string\"}],\"inLanguage\":\"es\"},{\"@type\":\"Organization\",\"@id\":\"https:\/\/grupoptg.com\/blogptg\/#organization\",\"name\":\"Blog PTG\",\"url\":\"https:\/\/grupoptg.com\/blogptg\/\",\"logo\":{\"@type\":\"ImageObject\",\"inLanguage\":\"es\",\"@id\":\"https:\/\/grupoptg.com\/blogptg\/#\/schema\/logo\/image\/\",\"url\":\"https:\/\/grupoptg.com\/blogptg\/wp-content\/uploads\/2020\/09\/cropped-logo-PTG-512x512-2-1.png\",\"contentUrl\":\"https:\/\/grupoptg.com\/blogptg\/wp-content\/uploads\/2020\/09\/cropped-logo-PTG-512x512-2-1.png\",\"width\":512,\"height\":259,\"caption\":\"Blog PTG\"},\"image\":{\"@id\":\"https:\/\/grupoptg.com\/blogptg\/#\/schema\/logo\/image\/\"}},{\"@type\":\"Person\",\"@id\":\"https:\/\/grupoptg.com\/blogptg\/#\/schema\/person\/7ec020ab7c225d569c4a2939134a1ff2\",\"name\":\"GrupoPTG\",\"image\":{\"@type\":\"ImageObject\",\"inLanguage\":\"es\",\"@id\":\"https:\/\/grupoptg.com\/blogptg\/#\/schema\/person\/image\/\",\"url\":\"https:\/\/secure.gravatar.com\/avatar\/e3f4904f562d1d9b6f351957acbce9f8?s=96&d=mm&r=g\",\"contentUrl\":\"https:\/\/secure.gravatar.com\/avatar\/e3f4904f562d1d9b6f351957acbce9f8?s=96&d=mm&r=g\",\"caption\":\"GrupoPTG\"},\"sameAs\":[\"http:\/\/blogptg.grupoptg.com\"],\"url\":\"https:\/\/grupoptg.com\/blogptg\/author\/blogptg\/\"}]}<\/script>\n<!-- \/ Yoast SEO plugin. -->","yoast_head_json":{"title":"Noviembre: Mes Mundial de la Calidad - Blog PTG","robots":{"index":"index","follow":"follow","max-snippet":"max-snippet:-1","max-image-preview":"max-image-preview:large","max-video-preview":"max-video-preview:-1"},"canonical":"https:\/\/grupoptg.com\/blogptg\/noviembre-mes-mundial-de-la-calidad\/","og_locale":"es_ES","og_type":"article","og_title":"Noviembre: Mes Mundial de la Calidad - Blog PTG","og_description":"Este mes de noviembre se celebra el D\u00eda Mundial de la Calidad, para ser m\u00e1s precisos es el segundo jueves del mes de noviembre, creado por la ONU en 1990, su objetivo principal es el generar conciencia a nivel mundial sobre la importancia de la calidad para la prosperidad en todas las organizaciones. Los primeros [&hellip;]","og_url":"https:\/\/grupoptg.com\/blogptg\/noviembre-mes-mundial-de-la-calidad\/","og_site_name":"Blog PTG","article_published_time":"2020-11-25T12:33:52+00:00","article_modified_time":"2020-11-25T12:55:43+00:00","og_image":[{"width":980,"height":698,"url":"https:\/\/grupoptg.com\/blogptg\/wp-content\/uploads\/2020\/11\/980x698-imagen-prueba-blogPTG-nioviembre-v2.jpg","type":"image\/jpeg"}],"author":"GrupoPTG","twitter_card":"summary_large_image","twitter_misc":{"Escrito por":"GrupoPTG","Tiempo estimado de lectura":"2 minutos"},"schema":{"@context":"https:\/\/schema.org","@graph":[{"@type":"Article","@id":"https:\/\/grupoptg.com\/blogptg\/noviembre-mes-mundial-de-la-calidad\/#article","isPartOf":{"@id":"https:\/\/grupoptg.com\/blogptg\/noviembre-mes-mundial-de-la-calidad\/"},"author":{"name":"GrupoPTG","@id":"https:\/\/grupoptg.com\/blogptg\/#\/schema\/person\/7ec020ab7c225d569c4a2939134a1ff2"},"headline":"Noviembre: Mes Mundial de la Calidad","datePublished":"2020-11-25T12:33:52+00:00","dateModified":"2020-11-25T12:55:43+00:00","mainEntityOfPage":{"@id":"https:\/\/grupoptg.com\/blogptg\/noviembre-mes-mundial-de-la-calidad\/"},"wordCount":503,"commentCount":0,"publisher":{"@id":"https:\/\/grupoptg.com\/blogptg\/#organization"},"articleSection":["Uncategorized"],"inLanguage":"es","potentialAction":[{"@type":"CommentAction","name":"Comment","target":["https:\/\/grupoptg.com\/blogptg\/noviembre-mes-mundial-de-la-calidad\/#respond"]}]},{"@type":"WebPage","@id":"https:\/\/grupoptg.com\/blogptg\/noviembre-mes-mundial-de-la-calidad\/","url":"https:\/\/grupoptg.com\/blogptg\/noviembre-mes-mundial-de-la-calidad\/","name":"Noviembre: Mes Mundial de la Calidad - Blog PTG","isPartOf":{"@id":"https:\/\/grupoptg.com\/blogptg\/#website"},"datePublished":"2020-11-25T12:33:52+00:00","dateModified":"2020-11-25T12:55:43+00:00","breadcrumb":{"@id":"https:\/\/grupoptg.com\/blogptg\/noviembre-mes-mundial-de-la-calidad\/#breadcrumb"},"inLanguage":"es","potentialAction":[{"@type":"ReadAction","target":["https:\/\/grupoptg.com\/blogptg\/noviembre-mes-mundial-de-la-calidad\/"]}]},{"@type":"BreadcrumbList","@id":"https:\/\/grupoptg.com\/blogptg\/noviembre-mes-mundial-de-la-calidad\/#breadcrumb","itemListElement":[{"@type":"ListItem","position":1,"name":"Portada","item":"https:\/\/grupoptg.com\/blogptg\/"},{"@type":"ListItem","position":2,"name":"Noviembre: Mes Mundial de la Calidad"}]},{"@type":"WebSite","@id":"https:\/\/grupoptg.com\/blogptg\/#website","url":"https:\/\/grupoptg.com\/blogptg\/","name":"Blog PTG","description":"noticias","publisher":{"@id":"https:\/\/grupoptg.com\/blogptg\/#organization"},"potentialAction":[{"@type":"SearchAction","target":{"@type":"EntryPoint","urlTemplate":"https:\/\/grupoptg.com\/blogptg\/?s={search_term_string}"},"query-input":"required name=search_term_string"}],"inLanguage":"es"},{"@type":"Organization","@id":"https:\/\/grupoptg.com\/blogptg\/#organization","name":"Blog PTG","url":"https:\/\/grupoptg.com\/blogptg\/","logo":{"@type":"ImageObject","inLanguage":"es","@id":"https:\/\/grupoptg.com\/blogptg\/#\/schema\/logo\/image\/","url":"https:\/\/grupoptg.com\/blogptg\/wp-content\/uploads\/2020\/09\/cropped-logo-PTG-512x512-2-1.png","contentUrl":"https:\/\/grupoptg.com\/blogptg\/wp-content\/uploads\/2020\/09\/cropped-logo-PTG-512x512-2-1.png","width":512,"height":259,"caption":"Blog PTG"},"image":{"@id":"https:\/\/grupoptg.com\/blogptg\/#\/schema\/logo\/image\/"}},{"@type":"Person","@id":"https:\/\/grupoptg.com\/blogptg\/#\/schema\/person\/7ec020ab7c225d569c4a2939134a1ff2","name":"GrupoPTG","image":{"@type":"ImageObject","inLanguage":"es","@id":"https:\/\/grupoptg.com\/blogptg\/#\/schema\/person\/image\/","url":"https:\/\/secure.gravatar.com\/avatar\/e3f4904f562d1d9b6f351957acbce9f8?s=96&d=mm&r=g","contentUrl":"https:\/\/secure.gravatar.com\/avatar\/e3f4904f562d1d9b6f351957acbce9f8?s=96&d=mm&r=g","caption":"GrupoPTG"},"sameAs":["http:\/\/blogptg.grupoptg.com"],"url":"https:\/\/grupoptg.com\/blogptg\/author\/blogptg\/"}]}},"builder_content":"","_links":{"self":[{"href":"https:\/\/grupoptg.com\/blogptg\/wp-json\/wp\/v2\/posts\/339"}],"collection":[{"href":"https:\/\/grupoptg.com\/blogptg\/wp-json\/wp\/v2\/posts"}],"about":[{"href":"https:\/\/grupoptg.com\/blogptg\/wp-json\/wp\/v2\/types\/post"}],"author":[{"embeddable":true,"href":"https:\/\/grupoptg.com\/blogptg\/wp-json\/wp\/v2\/users\/1"}],"replies":[{"embeddable":true,"href":"https:\/\/grupoptg.com\/blogptg\/wp-json\/wp\/v2\/comments?post=339"}],"version-history":[{"count":5,"href":"https:\/\/grupoptg.com\/blogptg\/wp-json\/wp\/v2\/posts\/339\/revisions"}],"predecessor-version":[{"id":348,"href":"https:\/\/grupoptg.com\/blogptg\/wp-json\/wp\/v2\/posts\/339\/revisions\/348"}],"wp:featuredmedia":[{"embeddable":true,"href":"https:\/\/grupoptg.com\/blogptg\/wp-json\/wp\/v2\/media\/344"}],"wp:attachment":[{"href":"https:\/\/grupoptg.com\/blogptg\/wp-json\/wp\/v2\/media?parent=339"}],"wp:term":[{"taxonomy":"category","embeddable":true,"href":"https:\/\/grupoptg.com\/blogptg\/wp-json\/wp\/v2\/categories?post=339"},{"taxonomy":"post_tag","embeddable":true,"href":"https:\/\/grupoptg.com\/blogptg\/wp-json\/wp\/v2\/tags?post=339"}],"curies":[{"name":"wp","href":"https:\/\/api.w.org\/{rel}","templated":true}]}}